{"id":4297,"date":"2020-11-04T21:58:40","date_gmt":"2020-11-04T21:58:40","guid":{"rendered":"https:\/\/dentalaxess.com\/?p=4297"},"modified":"2020-11-04T21:58:40","modified_gmt":"2020-11-04T21:58:40","slug":"reintegration-obligatoire-de-la-connexion-3shape-invisalign","status":"publish","type":"post","link":"https:\/\/dentalaxess.com\/fr\/reintegration-obligatoire-de-la-connexion-3shape-invisalign\/","title":{"rendered":"R\u00e9int\u00e9gration de la connexion 3Shape \/ Invisalign"},"content":{"rendered":"<p>Informations importantes: Invisalign a r\u00e9cemment ajout\u00e9 de nouvelles mesures de s\u00e9curit\u00e9 \u00e0 la solution d&#8217;int\u00e9gration avec tous les partenaires d&#8217;int\u00e9gration, y compris 3Shape. \u00c9tant donn\u00e9 que cela a un impact sur la connexion actuelle que vous avez avec Invisalign dans 3Shape Communicate, la connexion doit \u00eatre r\u00e9tablie pour tous les clients.<\/p>\n<p>Les connexions doivent \u00eatre r\u00e9tablies entre le 1er novembre 2020 et le 10 janvier 2020, apr\u00e8s quoi les connexions actuelles ne seront plus fonctionnelles. <a href=\"https:\/\/mcusercontent.com\/a762aec7307ce39b667ec694c\/files\/ba977d30-4210-47a5-8947-604bc3fbd67e\/Re_establishing_3Shape_Invisalign_Integration_2020.pdf\"><strong>Cliquez ici<\/strong><\/a> et suivez les \u00e9tapes pour restaurer l&#8217;int\u00e9gration.<\/p>\n<p>Si vous avez des questions, n&#8217;h\u00e9sitez pas \u00e0 <a href=\"https:\/\/dentalaxess.com\/contact-us\/\"><strong>nous contacter<\/strong><\/a> \u00e0 tout moment, nos sp\u00e9cialistes en dentisterie num\u00e9rique se feront un plaisir de vous aider.<\/p>\n<p>Chez Dental Axess, nous sommes des sp\u00e9cialistes de la dentisterie num\u00e9rique et, par exp\u00e9rience, nous savons ce qu&#8217;il faut pour tout r\u00e9unir. En cartographiant vos d\u00e9fis, vos besoins et vos ambitions actuels, nous pouvons faire en sorte que la num\u00e9risation se r\u00e9alise pour vous en toute simplicit\u00e9.<\/p>\n<p>Pour approfondir vos connaissances et votre d\u00e9veloppement, nous proposons une formation continue li\u00e9e \u00e0 votre solution particuli\u00e8re. Puisque nous savons \u00e0 quel point il est important pour vous de rester \u00e0 jour afin de fournir les meilleurs soins possibles \u00e0 vos patients, <a href=\"https:\/\/academy.dentalaxess.com\/\"><strong>Dental Axess Academy<\/strong><\/a> propose \u00e9galement des s\u00e9minaires et des cours. Ici, des sp\u00e9cialistes exp\u00e9riment\u00e9s m\u00ealent th\u00e9orie et sessions pratiques. Nous gardons les groupes restreints afin que nos formateurs puissent s&#8217;assurer que vous vous sentez confiant et pr\u00eat \u00e0 impl\u00e9menter imm\u00e9diatement les solutions num\u00e9riques dans votre offre.<\/p>\n","protected":false},"excerpt":{"rendered":"<p>Informations importantes: Invisalign a r\u00e9cemment ajout\u00e9 de nouvelles mesures de s\u00e9curit\u00e9 \u00e0 la solution d&#8217;int\u00e9gration avec tous les partenaires d&#8217;int\u00e9gration, y compris 3Shape. \u00c9tant donn\u00e9 que cela a un impact sur la connexion actuelle que vous avez avec Invisalign dans 3Shape Communicate, la connexion doit \u00eatre r\u00e9tablie pour tous les clients. Les connexions doivent \u00eatre [&hellip;]<\/p>\n","protected":false},"author":32,"featured_media":4294,"comment_status":"closed","ping_status":"open","sticky":false,"template":"","format":"standard","meta":{"_acf_changed":false,"content-type":"","footnotes":""},"categories":[29],"tags":[],"acf":[],"yoast_head":"<!-- This site is optimized with the Yoast SEO plugin v22.0 - https:\/\/yoast.com\/wordpress\/plugins\/seo\/ -->\n<title>R\u00e9int\u00e9gration de la connexion 3Shape \/ Invisalign - Dental Axess<\/title>\n<meta name=\"description\" content=\"Nouvelles mesures ont \u00e9t\u00e9 ajout\u00e9es qui affectent votre connexion avec Invisalign dans 3Shape Communicate, votre connexion doit \u00eatre r\u00e9tablie.\" \/>\n<meta name=\"robots\" content=\"index, follow, max-snippet:-1, max-image-preview:large, max-video-preview:-1\" \/>\n<link rel=\"canonical\" href=\"https:\/\/dentalaxess.com\/fr\/reintegration-obligatoire-de-la-connexion-3shape-invisalign\/\" \/>\n<meta property=\"og:locale\" content=\"fr_FR\" \/>\n<meta property=\"og:type\" content=\"article\" \/>\n<meta property=\"og:title\" content=\"R\u00e9int\u00e9gration de la connexion 3Shape \/ Invisalign - Dental Axess\" \/>\n<meta property=\"og:description\" content=\"Nouvelles mesures ont \u00e9t\u00e9 ajout\u00e9es qui affectent votre connexion avec Invisalign dans 3Shape Communicate, votre connexion doit \u00eatre r\u00e9tablie.\" \/>\n<meta property=\"og:url\" content=\"https:\/\/dentalaxess.com\/fr\/reintegration-obligatoire-de-la-connexion-3shape-invisalign\/\" \/>\n<meta property=\"og:site_name\" content=\"Dental Axess\" \/>\n<meta property=\"article:publisher\" content=\"https:\/\/www.facebook.com\/DentalAxess\/\" \/>\n<meta property=\"article:published_time\" content=\"2020-11-04T21:58:40+00:00\" \/>\n<meta property=\"og:image\" content=\"https:\/\/dentalaxess.com\/wp-content\/uploads\/2020\/11\/3shape-communicate.jpg\" \/>\n\t<meta property=\"og:image:width\" content=\"735\" \/>\n\t<meta property=\"og:image:height\" content=\"306\" \/>\n\t<meta property=\"og:image:type\" content=\"image\/jpeg\" \/>\n<meta name=\"author\" content=\"Per Claesson\" \/>\n<meta name=\"twitter:card\" content=\"summary_large_image\" \/>\n<meta name=\"twitter:label1\" content=\"Written by\" \/>\n\t<meta name=\"twitter:data1\" content=\"Per Claesson\" \/>\n\t<meta name=\"twitter:label2\" content=\"Est. reading time\" \/>\n\t<meta name=\"twitter:data2\" content=\"1 minute\" \/>\n<script type=\"application\/ld+json\" class=\"yoast-schema-graph\">{\"@context\":\"https:\/\/schema.org\",\"@graph\":[{\"@type\":\"Article\",\"@id\":\"https:\/\/dentalaxess.com\/fr\/reintegration-obligatoire-de-la-connexion-3shape-invisalign\/#article\",\"isPartOf\":{\"@id\":\"https:\/\/dentalaxess.com\/fr\/reintegration-obligatoire-de-la-connexion-3shape-invisalign\/\"},\"author\":{\"name\":\"Per Claesson\",\"@id\":\"https:\/\/dentalaxess.com\/#\/schema\/person\/b8dd65aa10372c8b022a226ece051623\"},\"headline\":\"R\u00e9int\u00e9gration de la connexion 3Shape \/ Invisalign\",\"datePublished\":\"2020-11-04T21:58:40+00:00\",\"dateModified\":\"2020-11-04T21:58:40+00:00\",\"mainEntityOfPage\":{\"@id\":\"https:\/\/dentalaxess.com\/fr\/reintegration-obligatoire-de-la-connexion-3shape-invisalign\/\"},\"wordCount\":272,\"publisher\":{\"@id\":\"https:\/\/dentalaxess.com\/#organization\"},\"articleSection\":[\"News\"],\"inLanguage\":\"fr-FR\"},{\"@type\":\"WebPage\",\"@id\":\"https:\/\/dentalaxess.com\/fr\/reintegration-obligatoire-de-la-connexion-3shape-invisalign\/\",\"url\":\"https:\/\/dentalaxess.com\/fr\/reintegration-obligatoire-de-la-connexion-3shape-invisalign\/\",\"name\":\"R\u00e9int\u00e9gration de la connexion 3Shape \/ Invisalign - Dental Axess\",\"isPartOf\":{\"@id\":\"https:\/\/dentalaxess.com\/#website\"},\"datePublished\":\"2020-11-04T21:58:40+00:00\",\"dateModified\":\"2020-11-04T21:58:40+00:00\",\"description\":\"Nouvelles mesures ont \u00e9t\u00e9 ajout\u00e9es qui affectent votre connexion avec Invisalign dans 3Shape Communicate, votre connexion doit \u00eatre r\u00e9tablie.\",\"breadcrumb\":{\"@id\":\"https:\/\/dentalaxess.com\/fr\/reintegration-obligatoire-de-la-connexion-3shape-invisalign\/#breadcrumb\"},\"inLanguage\":\"fr-FR\",\"potentialAction\":[{\"@type\":\"ReadAction\",\"target\":[\"https:\/\/dentalaxess.com\/fr\/reintegration-obligatoire-de-la-connexion-3shape-invisalign\/\"]}]},{\"@type\":\"BreadcrumbList\",\"@id\":\"https:\/\/dentalaxess.com\/fr\/reintegration-obligatoire-de-la-connexion-3shape-invisalign\/#breadcrumb\",\"itemListElement\":[{\"@type\":\"ListItem\",\"position\":1,\"name\":\"Home\",\"item\":\"https:\/\/dentalaxess.com\/fr\/\"},{\"@type\":\"ListItem\",\"position\":2,\"name\":\"R\u00e9int\u00e9gration de la connexion 3Shape \/ Invisalign\"}]},{\"@type\":\"WebSite\",\"@id\":\"https:\/\/dentalaxess.com\/#website\",\"url\":\"https:\/\/dentalaxess.com\/\",\"name\":\"Dental Axess\",\"description\":\"Perfect digital workflows the Dental Axess way\",\"publisher\":{\"@id\":\"https:\/\/dentalaxess.com\/#organization\"},\"potentialAction\":[{\"@type\":\"SearchAction\",\"target\":{\"@type\":\"EntryPoint\",\"urlTemplate\":\"https:\/\/dentalaxess.com\/?s={search_term_string}\"},\"query-input\":\"required name=search_term_string\"}],\"inLanguage\":\"fr-FR\"},{\"@type\":\"Organization\",\"@id\":\"https:\/\/dentalaxess.com\/#organization\",\"name\":\"Dental Axess\",\"url\":\"https:\/\/dentalaxess.com\/\",\"logo\":{\"@type\":\"ImageObject\",\"inLanguage\":\"fr-FR\",\"@id\":\"https:\/\/dentalaxess.com\/#\/schema\/logo\/image\/\",\"url\":\"https:\/\/dentalaxess.com\/wp-content\/uploads\/2019\/08\/logo.svg\",\"contentUrl\":\"https:\/\/dentalaxess.com\/wp-content\/uploads\/2019\/08\/logo.svg\",\"width\":154,\"height\":60,\"caption\":\"Dental Axess\"},\"image\":{\"@id\":\"https:\/\/dentalaxess.com\/#\/schema\/logo\/image\/\"},\"sameAs\":[\"https:\/\/www.facebook.com\/DentalAxess\/\",\"https:\/\/www.instagram.com\/dentalaxess\/\",\"https:\/\/www.linkedin.com\/company\/dental-axess\/\",\"https:\/\/www.youtube.com\/channel\/UCEIIUoyhdALy3pxaKE1MytQ\"]},{\"@type\":\"Person\",\"@id\":\"https:\/\/dentalaxess.com\/#\/schema\/person\/b8dd65aa10372c8b022a226ece051623\",\"name\":\"Per Claesson\",\"image\":{\"@type\":\"ImageObject\",\"inLanguage\":\"fr-FR\",\"@id\":\"https:\/\/dentalaxess.com\/#\/schema\/person\/image\/\",\"url\":\"https:\/\/secure.gravatar.com\/avatar\/1ecaab7c4ca519dbb551037cfb9aca4f?s=96&d=mm&r=g\",\"contentUrl\":\"https:\/\/secure.gravatar.com\/avatar\/1ecaab7c4ca519dbb551037cfb9aca4f?s=96&d=mm&r=g\",\"caption\":\"Per Claesson\"},\"url\":\"https:\/\/dentalaxess.com\/fr\/author\/per-claessondentalaxess-com\/\"}]}<\/script>\n<!-- \/ Yoast SEO plugin. -->","yoast_head_json":{"title":"R\u00e9int\u00e9gration de la connexion 3Shape \/ Invisalign - Dental Axess","description":"Nouvelles mesures ont \u00e9t\u00e9 ajout\u00e9es qui affectent votre connexion avec Invisalign dans 3Shape Communicate, votre connexion doit \u00eatre r\u00e9tablie.","robots":{"index":"index","follow":"follow","max-snippet":"max-snippet:-1","max-image-preview":"max-image-preview:large","max-video-preview":"max-video-preview:-1"},"canonical":"https:\/\/dentalaxess.com\/fr\/reintegration-obligatoire-de-la-connexion-3shape-invisalign\/","og_locale":"fr_FR","og_type":"article","og_title":"R\u00e9int\u00e9gration de la connexion 3Shape \/ Invisalign - Dental Axess","og_description":"Nouvelles mesures ont \u00e9t\u00e9 ajout\u00e9es qui affectent votre connexion avec Invisalign dans 3Shape Communicate, votre connexion doit \u00eatre r\u00e9tablie.","og_url":"https:\/\/dentalaxess.com\/fr\/reintegration-obligatoire-de-la-connexion-3shape-invisalign\/","og_site_name":"Dental Axess","article_publisher":"https:\/\/www.facebook.com\/DentalAxess\/","article_published_time":"2020-11-04T21:58:40+00:00","og_image":[{"width":735,"height":306,"url":"https:\/\/dentalaxess.com\/wp-content\/uploads\/2020\/11\/3shape-communicate.jpg","type":"image\/jpeg"}],"author":"Per Claesson","twitter_card":"summary_large_image","twitter_misc":{"Written by":"Per Claesson","Est. reading time":"1 minute"},"schema":{"@context":"https:\/\/schema.org","@graph":[{"@type":"Article","@id":"https:\/\/dentalaxess.com\/fr\/reintegration-obligatoire-de-la-connexion-3shape-invisalign\/#article","isPartOf":{"@id":"https:\/\/dentalaxess.com\/fr\/reintegration-obligatoire-de-la-connexion-3shape-invisalign\/"},"author":{"name":"Per Claesson","@id":"https:\/\/dentalaxess.com\/#\/schema\/person\/b8dd65aa10372c8b022a226ece051623"},"headline":"R\u00e9int\u00e9gration de la connexion 3Shape \/ Invisalign","datePublished":"2020-11-04T21:58:40+00:00","dateModified":"2020-11-04T21:58:40+00:00","mainEntityOfPage":{"@id":"https:\/\/dentalaxess.com\/fr\/reintegration-obligatoire-de-la-connexion-3shape-invisalign\/"},"wordCount":272,"publisher":{"@id":"https:\/\/dentalaxess.com\/#organization"},"articleSection":["News"],"inLanguage":"fr-FR"},{"@type":"WebPage","@id":"https:\/\/dentalaxess.com\/fr\/reintegration-obligatoire-de-la-connexion-3shape-invisalign\/","url":"https:\/\/dentalaxess.com\/fr\/reintegration-obligatoire-de-la-connexion-3shape-invisalign\/","name":"R\u00e9int\u00e9gration de la connexion 3Shape \/ Invisalign - Dental Axess","isPartOf":{"@id":"https:\/\/dentalaxess.com\/#website"},"datePublished":"2020-11-04T21:58:40+00:00","dateModified":"2020-11-04T21:58:40+00:00","description":"Nouvelles mesures ont \u00e9t\u00e9 ajout\u00e9es qui affectent votre connexion avec Invisalign dans 3Shape Communicate, votre connexion doit \u00eatre r\u00e9tablie.","breadcrumb":{"@id":"https:\/\/dentalaxess.com\/fr\/reintegration-obligatoire-de-la-connexion-3shape-invisalign\/#breadcrumb"},"inLanguage":"fr-FR","potentialAction":[{"@type":"ReadAction","target":["https:\/\/dentalaxess.com\/fr\/reintegration-obligatoire-de-la-connexion-3shape-invisalign\/"]}]},{"@type":"BreadcrumbList","@id":"https:\/\/dentalaxess.com\/fr\/reintegration-obligatoire-de-la-connexion-3shape-invisalign\/#breadcrumb","itemListElement":[{"@type":"ListItem","position":1,"name":"Home","item":"https:\/\/dentalaxess.com\/fr\/"},{"@type":"ListItem","position":2,"name":"R\u00e9int\u00e9gration de la connexion 3Shape \/ Invisalign"}]},{"@type":"WebSite","@id":"https:\/\/dentalaxess.com\/#website","url":"https:\/\/dentalaxess.com\/","name":"Dental Axess","description":"Perfect digital workflows the Dental Axess way","publisher":{"@id":"https:\/\/dentalaxess.com\/#organization"},"potentialAction":[{"@type":"SearchAction","target":{"@type":"EntryPoint","urlTemplate":"https:\/\/dentalaxess.com\/?s={search_term_string}"},"query-input":"required name=search_term_string"}],"inLanguage":"fr-FR"},{"@type":"Organization","@id":"https:\/\/dentalaxess.com\/#organization","name":"Dental Axess","url":"https:\/\/dentalaxess.com\/","logo":{"@type":"ImageObject","inLanguage":"fr-FR","@id":"https:\/\/dentalaxess.com\/#\/schema\/logo\/image\/","url":"https:\/\/dentalaxess.com\/wp-content\/uploads\/2019\/08\/logo.svg","contentUrl":"https:\/\/dentalaxess.com\/wp-content\/uploads\/2019\/08\/logo.svg","width":154,"height":60,"caption":"Dental Axess"},"image":{"@id":"https:\/\/dentalaxess.com\/#\/schema\/logo\/image\/"},"sameAs":["https:\/\/www.facebook.com\/DentalAxess\/","https:\/\/www.instagram.com\/dentalaxess\/","https:\/\/www.linkedin.com\/company\/dental-axess\/","https:\/\/www.youtube.com\/channel\/UCEIIUoyhdALy3pxaKE1MytQ"]},{"@type":"Person","@id":"https:\/\/dentalaxess.com\/#\/schema\/person\/b8dd65aa10372c8b022a226ece051623","name":"Per Claesson","image":{"@type":"ImageObject","inLanguage":"fr-FR","@id":"https:\/\/dentalaxess.com\/#\/schema\/person\/image\/","url":"https:\/\/secure.gravatar.com\/avatar\/1ecaab7c4ca519dbb551037cfb9aca4f?s=96&d=mm&r=g","contentUrl":"https:\/\/secure.gravatar.com\/avatar\/1ecaab7c4ca519dbb551037cfb9aca4f?s=96&d=mm&r=g","caption":"Per Claesson"},"url":"https:\/\/dentalaxess.com\/fr\/author\/per-claessondentalaxess-com\/"}]}},"_links":{"self":[{"href":"https:\/\/dentalaxess.com\/fr\/wp-json\/wp\/v2\/posts\/4297"}],"collection":[{"href":"https:\/\/dentalaxess.com\/fr\/wp-json\/wp\/v2\/posts"}],"about":[{"href":"https:\/\/dentalaxess.com\/fr\/wp-json\/wp\/v2\/types\/post"}],"author":[{"embeddable":true,"href":"https:\/\/dentalaxess.com\/fr\/wp-json\/wp\/v2\/users\/32"}],"replies":[{"embeddable":true,"href":"https:\/\/dentalaxess.com\/fr\/wp-json\/wp\/v2\/comments?post=4297"}],"version-history":[{"count":0,"href":"https:\/\/dentalaxess.com\/fr\/wp-json\/wp\/v2\/posts\/4297\/revisions"}],"wp:featuredmedia":[{"embeddable":true,"href":"https:\/\/dentalaxess.com\/fr\/wp-json\/wp\/v2\/media\/4294"}],"wp:attachment":[{"href":"https:\/\/dentalaxess.com\/fr\/wp-json\/wp\/v2\/media?parent=4297"}],"wp:term":[{"taxonomy":"category","embeddable":true,"href":"https:\/\/dentalaxess.com\/fr\/wp-json\/wp\/v2\/categories?post=4297"},{"taxonomy":"post_tag","embeddable":true,"href":"https:\/\/dentalaxess.com\/fr\/wp-json\/wp\/v2\/tags?post=4297"}],"curies":[{"name":"wp","href":"https:\/\/api.w.org\/{rel}","templated":true}]}}